{"id":252,"date":"2022-12-15T10:04:23","date_gmt":"2022-12-15T10:04:23","guid":{"rendered":"https:\/\/homelisbon.com\/?p=252"},"modified":"2022-12-15T10:04:23","modified_gmt":"2022-12-15T10:04:23","slug":"precos-das-casas-subiram-101-em-lisboa-e-174-no-porto","status":"publish","type":"post","link":"https:\/\/homelisbon.com\/?p=252","title":{"rendered":"Pre\u00e7os das casas subiram 10,1% em Lisboa e 17,4% no Porto"},"content":{"rendered":"\n<p>No \u00faltimo ano, os pre\u00e7os de venda das casas em Portugal registaram uma subida hom\u00f3loga de 10,1% em Lisboa e de 17,4% no Porto, mostra o \u00cdndice de Pre\u00e7os Residenciais referente ao 3\u00ba trimestre de 2022, da Confidencial Imobili\u00e1rio. Face ao trimestre anterior, os pre\u00e7os registaram subidas de 2,1% em Lisboa e de 1,7% no Porto.<\/p>\n\n\n\n<p>A subida de 10,1% registada em Lisboa representa uma estabiliza\u00e7\u00e3o do ritmo de valoriza\u00e7\u00e3o, e compara com os cerca de 10% do trimestre anterior. J\u00e1 no Porto, regista-se um novo abrandamento face ao trimestre anterior, quando a varia\u00e7\u00e3o hom\u00f3loga se fixou nos 19,6%.<\/p>\n\n\n\n<p>Lisboa e Porto registam valoriza\u00e7\u00f5es fortes dos pre\u00e7os e s\u00e3o os mercados mais caros das respetivas regi\u00f5es, mas s\u00e3o tamb\u00e9m os concelhos das \u00e1reas metropolitanas com menor ritmo de subida dos pre\u00e7os. Segundo a Confidencial Imobili\u00e1rio, na \u00c1rea Metropolitana de Lisboa s\u00f3 o Montijo valorizou menos que Lisboa no 3\u00ba trimestre, numa subida hom\u00f3loga de 9%. Na \u00c1rea Metropolitana do Porto, Valongo e Gondomar foram tamb\u00e9m as \u00fanicas a valorizar menos que a Invicta, e registaram subidas de 13% e 16%.<\/p>\n\n\n\n<p>Lisboa tem hoje um pre\u00e7o m\u00e9dio de venda de 4.265 euros\/m\u00b2, o mais caro da regi\u00e3o. A m\u00e9dia das transa\u00e7\u00f5es na AML fica 35% abaixo deste valor, nos 2.753 euros\/ m\u00b2.<\/p>\n\n\n\n<p>J\u00e1 no Porto, o pre\u00e7o m\u00e9dio fixa-se nos 3.001 euros\/ m\u00b2, com a m\u00e9dia da AMP a fixar-se nos 2.087 euros\/ m\u00b2, 30% abaixo da Invicta.<\/p>\n\n\n\n<p>PUBLICO 14\/12\/2022<\/p>\n","protected":false},"excerpt":{"rendered":"<p>No \u00faltimo ano, os pre\u00e7os de venda das casas em Portugal registaram uma subida hom\u00f3loga de 10,1% em Lisboa e de 17,4% no Porto, mostra o \u00cdndice de Pre\u00e7os Residenciais referente ao 3\u00ba trimestre de 2022, da Confidencial Imobili\u00e1rio. Face ao trimestre anterior, os pre\u00e7os registaram subidas de 2,1% em Lisboa e de 1,7% no &hellip; <\/p>\n<p class=\"link-more\"><a href=\"https:\/\/homelisbon.com\/?p=252\" class=\"more-link\">Continuar a ler <span class=\"screen-reader-text\">&#8220;Pre\u00e7os das casas subiram 10,1% em Lisboa e 17,4% no Porto&#8221;<\/span><\/a><\/p>\n","protected":false},"author":1,"featured_media":0,"comment_status":"open","ping_status":"open","sticky":false,"template":"","format":"standard","meta":[],"categories":[18],"tags":[],"_links":{"self":[{"href":"https:\/\/homelisbon.com\/index.php?rest_route=\/wp\/v2\/posts\/252"}],"collection":[{"href":"https:\/\/homelisbon.com\/index.php?rest_route=\/wp\/v2\/posts"}],"about":[{"href":"https:\/\/homelisbon.com\/index.php?rest_route=\/wp\/v2\/types\/post"}],"author":[{"embeddable":true,"href":"https:\/\/homelisbon.com\/index.php?rest_route=\/wp\/v2\/users\/1"}],"replies":[{"embeddable":true,"href":"https:\/\/homelisbon.com\/index.php?rest_route=%2Fwp%2Fv2%2Fcomments&post=252"}],"version-history":[{"count":1,"href":"https:\/\/homelisbon.com\/index.php?rest_route=\/wp\/v2\/posts\/252\/revisions"}],"predecessor-version":[{"id":253,"href":"https:\/\/homelisbon.com\/index.php?rest_route=\/wp\/v2\/posts\/252\/revisions\/253"}],"wp:attachment":[{"href":"https:\/\/homelisbon.com\/index.php?rest_route=%2Fwp%2Fv2%2Fmedia&parent=252"}],"wp:term":[{"taxonomy":"category","embeddable":true,"href":"https:\/\/homelisbon.com\/index.php?rest_route=%2Fwp%2Fv2%2Fcategories&post=252"},{"taxonomy":"post_tag","embeddable":true,"href":"https:\/\/homelisbon.com\/index.php?rest_route=%2Fwp%2Fv2%2Ftags&post=252"}],"curies":[{"name":"wp","href":"https:\/\/api.w.org\/{rel}","templated":true}]}}